{"id":2366,"date":"2019-09-02T10:21:52","date_gmt":"2019-09-02T10:21:52","guid":{"rendered":"https:\/\/vozoperario.pt\/jornal\/?p=2366"},"modified":"2019-10-02T15:41:43","modified_gmt":"2019-10-02T15:41:43","slug":"para-uma-historia-da-associacao-portuguesa-gaita-de-foles","status":"publish","type":"post","link":"https:\/\/vozoperario.pt\/jornal\/2019\/09\/02\/para-uma-historia-da-associacao-portuguesa-gaita-de-foles\/","title":{"rendered":"Para uma Hist\u00f3ria da Associa\u00e7\u00e3o Portuguesa Gaita-de-foles"},"content":{"rendered":"\n<p>Presentemente, a Escola de M\u00fasica e o Grupo Musical continuam a representar as suas principais actividades regulares, em estreita parceria com A Voz do Oper\u00e1rio. As inscri\u00e7\u00f5es est\u00e3o abertas e para mais informa\u00e7\u00f5es, os interessados podem dirigir-se \u00e0 Secretaria d\u2019A Voz na Gra\u00e7a ou atrav\u00e9s de contacto@gaitadefoles.net<br> Na d\u00e9cada de 1990, Paulo Marinho (S\u00e9tima Legi\u00e3o e Gaiteiros de Lisboa) foi o aglutinador de um grupo de entusiastas da gaita de fole. Organizou ent\u00e3o diversos cursos intensivos sobre o instrumento, onde participaram muitos daqueles que viriam a juntar-se ao seu projecto de formar uma Associa\u00e7\u00e3o. Em 1997, na Xuventude da Galiza &#8211; Centro Galego de Lisboa, come\u00e7ou a leccionar aulas de gaita de fole a ex-alunos dos cursos intensivos, dando origem \u00e0 banda Gaitafolia, surgida no ano seguinte, com o objectivo de dar a conhecer o repert\u00f3rio portugu\u00eas para gaita, que veio a participar na Expo 98. Esta \u201cBanda de Gaitas\u201d viria a reunir uma vintena de gaiteiros e percussionistas em forma\u00e7\u00e3o, realizando mais de duas centenas de apresenta\u00e7\u00f5es em diversos pa\u00edses, em representa\u00e7\u00e3o da Associa\u00e7\u00e3o Portuguesa para o Estudo e Divulga\u00e7\u00e3o da Gaita-de-foles, finalmente oficializada em 1999 a partir do grupo inicial de entusiastas.<br> Subjacente ao trabalho do grupo musical, outras actividades importantes foram desenvolvidas desde o in\u00edcio: o levantamento de documenta\u00e7\u00e3o hist\u00f3rica, o \u201cmapeamento\u201d dos gaiteiros portugueses de tradi\u00e7\u00e3o oral, alguns deles oportunamente visitados pela Associa\u00e7\u00e3o; e a cria\u00e7\u00e3o de uma oficina de constru\u00e7\u00e3o de gaitas de fole, onde se evidenciou o trabalho de V\u00edtor F\u00e9lix, um dos alunos e integrantes da banda, com experi\u00eancia na constru\u00e7\u00e3o de cordofones. Acompanhado por Paulo Marinho, que o apresentou a diversos construtores de gaitas de Fole na Galiza, nomeadamente Ant\u00f3n Corral, encetou um trabalho de investiga\u00e7\u00e3o, experimenta\u00e7\u00e3o e aprimoramento que viria a servir de base \u00e0 constru\u00e7\u00e3o de um tipo de \u201cgaita de fole transmontana\u201d, assim designado pela pr\u00f3pria Associa\u00e7\u00e3o, e largamente difundido logo nos anos iniciais de Gaitafolia.<br> Seguir-se-ia a cria\u00e7\u00e3o de um site especializado em gaita de fole, com destaque para os contextos e pr\u00e1ticas presentes em Portugal, da responsabilidade de Miguel Costa, e a edi\u00e7\u00e3o de uma revista, em 2001, coordenada por Paulo Lopes.<br> Ainda nesse ano, a Associa\u00e7\u00e3o organiza a primeira edi\u00e7\u00e3o do Encontro Nacional de Gaiteiros, em parceria com outras entidades. Foi um evento marcante que juntou, pela primeira vez, gaiteiros tradicionais de todo o pa\u00eds. Em cada evento reuniram-se cerca de cem instrumentistas tradicionais, entre tocadores de gaita de fole, caixa e bombo. Estes eram provenientes de diversos pontos do pa\u00eds, permitindo uma tomada de consci\u00eancia desses gaiteiros em rela\u00e7\u00e3o \u00e0s pr\u00e1ticas das outras regi\u00f5es, mas tamb\u00e9m o contacto directo da Associa\u00e7\u00e3o com essas pr\u00e1ticas, que foram registadas para mem\u00f3ria e trabalhos futuros. O primeiro Encontro teve lugar no Pinhal Novo (Palmela), em 2001, seguido de duas edi\u00e7\u00f5es em Santa Maria da Feira, em 2002 e 2003. O quarto Encontro teve lugar no Fund\u00e3o, em 2004, ap\u00f3s o que seguiu uma quinta edi\u00e7\u00e3o, novamente no Pinhal Novo, em 2009.<br>\nTamb\u00e9m em 2009 \u00e9 editado pela Tradisom um livro multim\u00e9dia, da autoria da pr\u00f3pria Associa\u00e7\u00e3o, sobre um dos \u00faltimos gaiteiros tradicionais da Estremadura: Joaquim Roque &#8211; O \u00daltimo Gaiteiro Tradicional de Torres Vedras.<br>\nNo mesmo per\u00edodo, regista-se a expans\u00e3o da Escola de Gaitas, com a abertura de novos cursos, apoiados em m\u00e9todos de ensino desenvolvidos pela Associa\u00e7\u00e3o, com n\u00famero crescente de alunos.<br>\nAs actividades de divulga\u00e7\u00e3o t\u00eam inclu\u00eddo ainda a organiza\u00e7\u00e3o de exposi\u00e7\u00f5es de gaitas de fole portuguesas e do mundo, contando-se entre as mais significativas as que tiveram lugar no Aeroporto de Lisboa, Museu Nacional de Arqueologia e Padr\u00e3o dos Descobrimentos.<br>\nDe destacar tamb\u00e9m a cria\u00e7\u00e3o das oficinas musicais \u201cDo Fundo do Ba\u00fa\u201d, destinadas ao p\u00fablico infanto-juvenil, realizadas em escolas e museus.<br>\nActualmente a Associa\u00e7\u00e3o \u00e9 representada pela Orquestra de Foles, com CD de 2015, sendo formada por alunos e professores, sucedendo assim a Gaitafolia e outros projectos nascidos no seu seio.<br>\nMais recentemente, publicou o Cancioneiro de Gaita-de-foles (2018), com cem partituras para gaita de fole de repert\u00f3rio exclusivamente portugu\u00eas.<br>\nAinda no \u00e2mbito editorial, encontra-se em prepara\u00e7\u00e3o a edi\u00e7\u00e3o da Colec\u00e7\u00e3o Gaiteiros da Estremadura, com in\u00edcio em 2020, que resulta de vinte anos de pesquisa, tantos quanto a pr\u00f3pria exist\u00eancia da Associa\u00e7\u00e3o, a qual comemora assim duas d\u00e9cadas de intensa dedica\u00e7\u00e3o \u00e0 gaita de fole em Portugal.<\/p>\n","protected":false},"excerpt":{"rendered":"<p>Presentemente, a Escola de M\u00fasica e o Grupo Musical continuam a representar as suas principais actividades regulares, em estreita parceria com A Voz do Oper\u00e1rio. As inscri\u00e7\u00f5es est\u00e3o abertas e para mais informa\u00e7\u00f5es, os interessados podem dirigir-se \u00e0 Secretaria d\u2019A Voz na Gra\u00e7a ou atrav\u00e9s de contacto@gaitadefoles.net Na d\u00e9cada de 1990, Paulo Marinho (S\u00e9tima Legi\u00e3o &hellip; <a href=\"https:\/\/vozoperario.pt\/jornal\/2019\/09\/02\/para-uma-historia-da-associacao-portuguesa-gaita-de-foles\/\" class=\"more-link\">Continue reading <span class=\"screen-reader-text\">Para uma Hist\u00f3ria da Associa\u00e7\u00e3o Portuguesa Gaita-de-foles<\/span><\/a><\/p>\n","protected":false},"author":25,"featured_media":2370,"comment_status":"closed","ping_status":"closed","sticky":false,"template":"","format":"standard","meta":[],"categories":[43],"tags":[],"coauthors":[74],"acf":[],"_links":{"self":[{"href":"https:\/\/vozoperario.pt\/jornal\/wp-json\/wp\/v2\/posts\/2366"}],"collection":[{"href":"https:\/\/vozoperario.pt\/jornal\/wp-json\/wp\/v2\/posts"}],"about":[{"href":"https:\/\/vozoperario.pt\/jornal\/wp-json\/wp\/v2\/types\/post"}],"author":[{"embeddable":true,"href":"https:\/\/vozoperario.pt\/jornal\/wp-json\/wp\/v2\/users\/25"}],"replies":[{"embeddable":true,"href":"https:\/\/vozoperario.pt\/jornal\/wp-json\/wp\/v2\/comments?post=2366"}],"version-history":[{"count":5,"href":"https:\/\/vozoperario.pt\/jornal\/wp-json\/wp\/v2\/posts\/2366\/revisions"}],"predecessor-version":[{"id":2565,"href":"https:\/\/vozoperario.pt\/jornal\/wp-json\/wp\/v2\/posts\/2366\/revisions\/2565"}],"wp:featuredmedia":[{"embeddable":true,"href":"https:\/\/vozoperario.pt\/jornal\/wp-json\/wp\/v2\/media\/2370"}],"wp:attachment":[{"href":"https:\/\/vozoperario.pt\/jornal\/wp-json\/wp\/v2\/media?parent=2366"}],"wp:term":[{"taxonomy":"category","embeddable":true,"href":"https:\/\/vozoperario.pt\/jornal\/wp-json\/wp\/v2\/categories?post=2366"},{"taxonomy":"post_tag","embeddable":true,"href":"https:\/\/vozoperario.pt\/jornal\/wp-json\/wp\/v2\/tags?post=2366"},{"taxonomy":"author","embeddable":true,"href":"https:\/\/vozoperario.pt\/jornal\/wp-json\/wp\/v2\/coauthors?post=2366"}],"curies":[{"name":"wp","href":"https:\/\/api.w.org\/{rel}","templated":true}]}}