{"id":2273,"date":"2019-08-02T10:34:03","date_gmt":"2019-08-02T10:34:03","guid":{"rendered":"https:\/\/vozoperario.pt\/jornal\/?p=2273"},"modified":"2019-08-02T10:34:05","modified_gmt":"2019-08-02T10:34:05","slug":"antifascistas-contestam-museu-salazar","status":"publish","type":"post","link":"https:\/\/vozoperario.pt\/jornal\/2019\/08\/02\/antifascistas-contestam-museu-salazar\/","title":{"rendered":"Antifascistas contestam Museu Salazar"},"content":{"rendered":"\n<p>O Centro Interpretativo do Estado Novo dever\u00e1 abrir dentro de tr\u00eas meses no Vimieiro, em Santa Comba D\u00e3o, terra onde nasceu o ditador Ant\u00f3nio de Oliveira Salazar, noticiou o Expresso. \u201cEste ser\u00e1 um local para o estudo da hist\u00f3ria do Estado Novo. N\u00e3o um santu\u00e1rio destinado a nacionalistas nem um museu onde se vai diabolizar o estadista de Santa Comba D\u00e3o\u201d, afirmou o presidente da c\u00e2mara de Santa Comba D\u00e3o, Leonel Gouveia, ao Expresso. <\/p>\n\n\n\n<p>O autarca eleito pelo PS n\u00e3o revelou qual a dire\u00e7\u00e3o cient\u00edfica do projeto museol\u00f3gico nem os seus respons\u00e1veis, aludindo de acordo com o seman\u00e1rio \u00e0 liga\u00e7\u00e3o do centro interpretativo a uma \u201cRota das Figuras Hist\u00f3ricas\u201d que, dissera o respons\u00e1vel h\u00e1 meses \u00e0 Lusa, \u00e9 um projeto com uma associa\u00e7\u00e3o de desenvolvimento local. <\/p>\n\n\n\n<p>Em declara\u00e7\u00f5es ao AbrilAbril, Domingos Abrantes, resistente antifascista, ex-preso pol\u00edtico e conselheiro de Estado, lembrou que este objetivo j\u00e1 est\u00e1 h\u00e1 muito tempo em cima da mesa, por parte dos \u201csaudosistas do fascismo\u201d, acrescentando que o significado da iniciativa n\u00e3o pode ser menorizado. \u201cEst\u00e1 em linha de continuidade com uma ofensiva que se tem vindo a intensificar de branqueamento do fascismo\u201d, alertou. <\/p>\n\n\n\n<p>Rebatendo o argumento de que um museu sobre Salazar possa ser neutro, afirmou que \u201c\u00e9 dif\u00edcil imaginar que se possa tratar de um museu com vista ao esclarecimento do povo portugu\u00eas e, sobretudo das novas gera\u00e7\u00f5es, em rela\u00e7\u00e3o ao que foi o fascismo, a repress\u00e3o, o obscurantismo, os assassinatos, durante 48 anos, do qual esta figura, n\u00e3o sendo \u00fanica, \u00e9 em grande parte respons\u00e1vel\u201d. <\/p>\n\n\n\n<p>A mesma opini\u00e3o tem o historiador Manuel Loff que ao jornal Contacto considerou ser uma ideia \u201cterr\u00edvel\u201d e que pode contribuir para criar um local de culto ao ditador. Ao Contacto, rejeitou as declara\u00e7\u00f5es do autarca de Santa Comba D\u00e3o e recordou que a democracia se construiu \u201csobre a rejei\u00e7\u00e3o do fascismo\u201d. Defendeu ainda que a haver um espa\u00e7o deste tipo tem de ter uma leitura cr\u00edtica sobre o que foi o per\u00edodo da ditadura encabe\u00e7ada por Salazar recordando que em Espanha as autoridades tentam retirar os restos mortais do ditador Franco do Vale dos Ca\u00eddos para evitar as homenagens ao fascismo. <\/p>\n\n\n\n<p>A ideia de um museu dedicado a Salazar em Santa Comba foi alvo de um inqu\u00e9rito em 2016 em que a maioria das v\u00edtimas do Estado Novo era contra o projeto, revelou tamb\u00e9m o Expresso. Jos\u00e9 Pedro Soares, ex-preso pol\u00edtico, torturado pela pol\u00edcia fascista em 1973, afirmou ao Contacto que \u00e9 um \u201cchoque\u201d esta not\u00edcia e que h\u00e1 quem queira \u201creavivar\u201d o fascismo quando \u201ch\u00e1 gente \u00e0 espera justamente para fazer romarias como as que se v\u00eaem em Espanha\u201d. <\/p>\n\n\n\n<p>O dirigente da Uni\u00e3o de Resistentes Antifascistas Portugueses (URAP) diz que \u00e9 \u201cainda mais chocante\u201d por se tratar de um autarca do PS. \u201cSer\u00e1 que nesse museu v\u00e3o p\u00f4r o nome da Catarina Euf\u00e9mia, do Humberto Delgado, do Dias Coelho, das pessoas que o Salazar mandou matar? Ser\u00e1 que v\u00e3o p\u00f4r l\u00e1 o nome das pessoas que mandaram torturar?\u201d, questionou. Para Jos\u00e9 Pedro Soares, a iniciativa \u201cserve para branquear o fascismo e \u00e9 um insulto n\u00e3o s\u00f3 para os ex-presos pol\u00edticos mas tamb\u00e9m para os democratas e antifascistas\u201d. <\/p>\n\n\n\n<p>O projeto aut\u00e1rquico de um museu em torno da figura de Salazar \u00e9 antigo e j\u00e1 em 2007 mobilizava ativistas antifascistas em abaixo-assinados e peti\u00e7\u00f5es pela oposi\u00e7\u00e3o \u00e0 sua cria\u00e7\u00e3o. O Minist\u00e9rio da Cultura, ent\u00e3o liderado por Isabel Pires de Lima, rejeitava a sua integra\u00e7\u00e3o na rede nacional de museus. <\/p>\n","protected":false},"excerpt":{"rendered":"<p>O Centro Interpretativo do Estado Novo dever\u00e1 abrir dentro de tr\u00eas meses no Vimieiro, em Santa Comba D\u00e3o, terra onde nasceu o ditador Ant\u00f3nio de Oliveira Salazar, noticiou o Expresso. \u201cEste ser\u00e1 um local para o estudo da hist\u00f3ria do Estado Novo. N\u00e3o um santu\u00e1rio destinado a nacionalistas nem um museu onde se vai diabolizar &hellip; <a href=\"https:\/\/vozoperario.pt\/jornal\/2019\/08\/02\/antifascistas-contestam-museu-salazar\/\" class=\"more-link\">Continue reading <span class=\"screen-reader-text\">Antifascistas contestam Museu Salazar<\/span><\/a><\/p>\n","protected":false},"author":153,"featured_media":2276,"comment_status":"closed","ping_status":"closed","sticky":false,"template":"","format":"standard","meta":[],"categories":[51],"tags":[],"coauthors":[],"acf":[],"_links":{"self":[{"href":"https:\/\/vozoperario.pt\/jornal\/wp-json\/wp\/v2\/posts\/2273"}],"collection":[{"href":"https:\/\/vozoperario.pt\/jornal\/wp-json\/wp\/v2\/posts"}],"about":[{"href":"https:\/\/vozoperario.pt\/jornal\/wp-json\/wp\/v2\/types\/post"}],"author":[{"embeddable":true,"href":"https:\/\/vozoperario.pt\/jornal\/wp-json\/wp\/v2\/users\/153"}],"replies":[{"embeddable":true,"href":"https:\/\/vozoperario.pt\/jornal\/wp-json\/wp\/v2\/comments?post=2273"}],"version-history":[{"count":1,"href":"https:\/\/vozoperario.pt\/jornal\/wp-json\/wp\/v2\/posts\/2273\/revisions"}],"predecessor-version":[{"id":2275,"href":"https:\/\/vozoperario.pt\/jornal\/wp-json\/wp\/v2\/posts\/2273\/revisions\/2275"}],"wp:featuredmedia":[{"embeddable":true,"href":"https:\/\/vozoperario.pt\/jornal\/wp-json\/wp\/v2\/media\/2276"}],"wp:attachment":[{"href":"https:\/\/vozoperario.pt\/jornal\/wp-json\/wp\/v2\/media?parent=2273"}],"wp:term":[{"taxonomy":"category","embeddable":true,"href":"https:\/\/vozoperario.pt\/jornal\/wp-json\/wp\/v2\/categories?post=2273"},{"taxonomy":"post_tag","embeddable":true,"href":"https:\/\/vozoperario.pt\/jornal\/wp-json\/wp\/v2\/tags?post=2273"},{"taxonomy":"author","embeddable":true,"href":"https:\/\/vozoperario.pt\/jornal\/wp-json\/wp\/v2\/coauthors?post=2273"}],"curies":[{"name":"wp","href":"https:\/\/api.w.org\/{rel}","templated":true}]}}