{"id":1641,"date":"2019-03-11T15:40:18","date_gmt":"2019-03-11T15:40:18","guid":{"rendered":"https:\/\/vozoperario.pt\/jornal\/?p=1641"},"modified":"2019-03-18T11:54:30","modified_gmt":"2019-03-18T11:54:30","slug":"uma-voz-incomoda%ef%bb%bf","status":"publish","type":"post","link":"https:\/\/vozoperario.pt\/jornal\/2019\/03\/11\/uma-voz-incomoda%ef%bb%bf\/","title":{"rendered":"Uma voz inc\u00f3moda\ufeff"},"content":{"rendered":"\n<p>No m\u00eas em que <em>A Voz do Oper<\/em><em>\u00e1rio<\/em> come\u00e7a\nas comemora\u00e7\u00f5es do seu 140.\u00ba anivers\u00e1rio, que se assinala em outubro, vestimos\no nosso jornal com uma ilustra\u00e7\u00e3o de Tiago Albuquerque e brind\u00e1mos aos que carregaram em ombros durante quase s\u00e9culo\ne meio a \u00e1rdua tarefa de manter este \u00f3rg\u00e3o que \u00e9 bem mais do que tinta e papel.\n\u00c9 um organismo vivo de mulheres e homens. \u00c9 um testemunho de resist\u00eancia para\nos tempos que vivemos. Na era do chumbo e da mentira, esta \u00e9 uma cidade sem muro nem ameias como cantou Zeca\nAfonso.<\/p>\n\n\n\n<p>Nesta edi\u00e7\u00e3o, juntou-se a n\u00f3s o mais conhecido av\u00f4 das meninas\ne dos meninos d\u2019A Voz do Oper\u00e1rio. Carlos Alberto Vidal, que \u00e9 muito mais do\nque o Av\u00f4 Cantigas, \u00e9 n\u00e3o s\u00f3 o entrevistado do m\u00eas como vai ser homenageado passando a ser s\u00f3cio\nhonor\u00e1rio da institui\u00e7\u00e3o.<\/p>\n\n\n\n<p>E este \u00e9 tamb\u00e9m o m\u00eas da juventude e das suas lutas. Em\nAlmada, os jovens contestam a retirada da Casa da Juventude pela autarquia.\nTanto os estudantes do ensino secund\u00e1rio como os trabalhadores\njovens v\u00e3o sair \u00e0 rua pelos seus\ndireitos e para assinalar a resist\u00eancia \u00e0 ditadura fascista derrotada h\u00e1 45\nanos. \u00c9 tamb\u00e9m o m\u00eas das mulheres sa\u00edrem \u00e0 rua pelo direito \u00e0 igualdade. Depois\nda importante greve dos trabalhadores da administra\u00e7\u00e3o central e local, os professores tamb\u00e9m se preparam\npara mais uma grande jornada nacional de luta pela contagem integral do tempo\nde servi\u00e7o.<\/p>\n\n\n\n<p>Parece ser, hoje, bastante\nclaro que houve recupera\u00e7\u00e3o de\ndireitos e alguns avan\u00e7os com a atual solu\u00e7\u00e3o pol\u00edtica governativa mas tamb\u00e9m parece cada vez mais\n\u00f3bvio que o PS s\u00f3 o fez por estar condicionado pelos entendimentos que assinou\ncom os partidos \u00e0 sua esquerda. Sempre que pode, o PS alinha-se com PSD e\nCDS-PP. Este \u00e9 um sinal do que poderia ocorrer se eventualmente alcan\u00e7asse uma maioria absoluta. Seria o PS de sempre.<\/p>\n\n\n\n<p>\u00c9,\npois, normal que se verifique um conjunto de lutas de diferentes setores\ndescontentes com a surdez seletiva do governo.<\/p>\n\n\n\n<p>Com\nas elei\u00e7\u00f5es europeias a aproximarem-se, agitam-se as \u00e1guas pol\u00edticas em\ntorno das consequ\u00eancias da integra\u00e7\u00e3o de Portugal na Uni\u00e3o Europeia. Um recente\nestudo do <em>Centre\nfor European Policy <\/em>diz que cada portugu\u00eas perdeu\nem m\u00e9dia 41 mil euros com a introdu\u00e7\u00e3o da moeda \u00fanica.<\/p>\n","protected":false},"excerpt":{"rendered":"<p>No m\u00eas em que A Voz do Oper\u00e1rio come\u00e7a as comemora\u00e7\u00f5es do seu 140.\u00ba anivers\u00e1rio, que se assinala em outubro, vestimos o nosso jornal com uma ilustra\u00e7\u00e3o de Tiago Albuquerque e brind\u00e1mos aos que carregaram em ombros durante quase s\u00e9culo e meio a \u00e1rdua tarefa de manter este \u00f3rg\u00e3o que \u00e9 bem mais do que &hellip; <a href=\"https:\/\/vozoperario.pt\/jornal\/2019\/03\/11\/uma-voz-incomoda%ef%bb%bf\/\" class=\"more-link\">Continue reading <span class=\"screen-reader-text\">Uma voz inc\u00f3moda\ufeff<\/span><\/a><\/p>\n","protected":false},"author":153,"featured_media":1575,"comment_status":"open","ping_status":"closed","sticky":false,"template":"","format":"standard","meta":[],"categories":[37],"tags":[],"coauthors":[],"acf":[],"_links":{"self":[{"href":"https:\/\/vozoperario.pt\/jornal\/wp-json\/wp\/v2\/posts\/1641"}],"collection":[{"href":"https:\/\/vozoperario.pt\/jornal\/wp-json\/wp\/v2\/posts"}],"about":[{"href":"https:\/\/vozoperario.pt\/jornal\/wp-json\/wp\/v2\/types\/post"}],"author":[{"embeddable":true,"href":"https:\/\/vozoperario.pt\/jornal\/wp-json\/wp\/v2\/users\/153"}],"replies":[{"embeddable":true,"href":"https:\/\/vozoperario.pt\/jornal\/wp-json\/wp\/v2\/comments?post=1641"}],"version-history":[{"count":1,"href":"https:\/\/vozoperario.pt\/jornal\/wp-json\/wp\/v2\/posts\/1641\/revisions"}],"predecessor-version":[{"id":1642,"href":"https:\/\/vozoperario.pt\/jornal\/wp-json\/wp\/v2\/posts\/1641\/revisions\/1642"}],"wp:featuredmedia":[{"embeddable":true,"href":"https:\/\/vozoperario.pt\/jornal\/wp-json\/wp\/v2\/media\/1575"}],"wp:attachment":[{"href":"https:\/\/vozoperario.pt\/jornal\/wp-json\/wp\/v2\/media?parent=1641"}],"wp:term":[{"taxonomy":"category","embeddable":true,"href":"https:\/\/vozoperario.pt\/jornal\/wp-json\/wp\/v2\/categories?post=1641"},{"taxonomy":"post_tag","embeddable":true,"href":"https:\/\/vozoperario.pt\/jornal\/wp-json\/wp\/v2\/tags?post=1641"},{"taxonomy":"author","embeddable":true,"href":"https:\/\/vozoperario.pt\/jornal\/wp-json\/wp\/v2\/coauthors?post=1641"}],"curies":[{"name":"wp","href":"https:\/\/api.w.org\/{rel}","templated":true}]}}