{"id":1500,"date":"2019-02-06T13:29:40","date_gmt":"2019-02-06T13:29:40","guid":{"rendered":"https:\/\/vozoperario.pt\/jornal\/?p=1500"},"modified":"2019-07-09T11:01:18","modified_gmt":"2019-07-09T11:01:18","slug":"tensao-na-venezuela%ef%bb%bf","status":"publish","type":"post","link":"https:\/\/vozoperario.pt\/jornal\/2019\/02\/06\/tensao-na-venezuela%ef%bb%bf\/","title":{"rendered":"Tens\u00e3o na Venezuela\ufeff"},"content":{"rendered":"\n<p><strong>Oposi\u00e7\u00e3o tenta dar golpe de Estado<\/strong><\/p>\n\n\n\n<p>Numa situa\u00e7\u00e3o in\u00e9dita, pa\u00edses alinhados com os Estados Unidos e a Uni\u00e3o Europeia tentam imp\u00f4r um opositor como presidente apesar de n\u00e3o ter participado nas elei\u00e7\u00f5es presidenciais antecipadas que deram a vit\u00f3ria a Nicol\u00e1s Maduro. Foi no dia 23 de janeiro que Juan Guaid\u00f3, desconhecido para a maioria da popula\u00e7\u00e3o venezuelana, se auto-proclamou presidente durante uma manifesta\u00e7\u00e3o opositora ao arrepio da constitui\u00e7\u00e3o daquele pa\u00eds.&nbsp;<\/p>\n\n\n\n<p>Apesar do reconhecimento quase imediato dos Estados Unidos, do Canad\u00e1 e de mais de uma dezenas de pa\u00edses latino-americanos, Guaid\u00f3 n\u00e3o conseguiu a maioria dos apoios na Organiza\u00e7\u00e3o dos Estados Americanos e no Conselho de Seguran\u00e7a das Na\u00e7\u00f5es Unidas, onde a R\u00fassia e a China usaram o direito de veto para bloquear uma declara\u00e7\u00e3o proposta pelos Estados Unidos que pedia o desconhecimento das \u00faltimas elei\u00e7\u00f5es presidenciais. Por sua vez, a delega\u00e7\u00e3o norte-americana vetou uma posi\u00e7\u00e3o apresentada pela R\u00fassia e pela China que apelavam ao di\u00e1logo pol\u00edtico entre as diferentes partes. Estes pa\u00edses denunciaram que, depois da L\u00edbia e da S\u00edria, Washington pretende provocar um banho de sangue na Venezuela violando a soberania do pa\u00eds com as mais importantes reservas de petr\u00f3leo. \u00c0 margem da reuni\u00e3o do organismo permanente das ONU, os EUA exortaram os pa\u00edses a suspenderem as transa\u00e7\u00f5es financeiras com Caracas aumentando a asfixia \u00e0 economia venezuelana j\u00e1 assediada h\u00e1 v\u00e1rios anos por san\u00e7\u00f5es e bloqueios.<\/p>\n\n\n\n<p>Por sua vez, o Parlamento Europeu acaba de reconhecer Juan Guaid\u00f3 e de pedir a todos os pa\u00edses da UE que o fa\u00e7am depois de um ultimato a Nicol\u00e1s Maduro para convocar elei\u00e7\u00f5es presidenciais. Portugal juntou-se aos pa\u00edses que deram oito dias ao chefe de Estado para convocar elei\u00e7\u00f5es. Em caso contr\u00e1rio, reconhecem Guaid\u00f3. Apesar de estar a ser acusado pela justi\u00e7a venezuela de usurpa\u00e7\u00e3o de cargo, o opositor continua a caminhar livremente por Caracas onde fez um discurso em que exige elei\u00e7\u00f5es livres.<\/p>\n\n\n\n<p>Jorge Arreaza, ministro venezuelano dos Neg\u00f3cios Estrangeiros, anunciou que o governo venezuelano n\u00e3o vai ceder \u00e0 chantagem e \u00e0 tentativa de golpe de Estado e lembrou que nas \u00faltimas elei\u00e7\u00f5es presidenciais o governo venezuelano convidou os representantes da Uni\u00e3o Europeia e da ONU para fiscalizarem o ato eleitoral e que nenhum dos dois aceitou o convite. O dirigente venezuelano recordou ainda que a oposi\u00e7\u00e3o ganhou v\u00e1rias elei\u00e7\u00f5es e que isso \u00e9 prova de que o seu pa\u00eds tem elei\u00e7\u00f5es livres e democr\u00e1ticas.<\/p>\n\n\n\n<p>Perante as press\u00f5es internacionais e acusando os EUA de terem planeado o golpe, Nicol\u00e1s Maduro cortou rela\u00e7\u00f5es diplom\u00e1ticas com Washington que decidiu bloquear todos os ativos da petrol\u00edfera venezuelana no exterior e entreg\u00e1-los a Juan Guaid\u00f3.<\/p>\n\n\n\n<p>As \u00faltimas elei\u00e7\u00f5es presidenciais que elegeram Nicol\u00e1s Maduro para um segundo mandato foram antecipadas por um acordo entre o governo e uma parte da oposi\u00e7\u00e3o que aceitou participar no plebiscito. Nicol\u00e1s Maduro foi escolhido por 67,84% dos votantes, Henri Falc\u00f3n chegou aos 20,93% e Javier Bertucci aos 10,82%.<\/p>\n\n\n\n<p><strong>Golpe de Estado contra Hugo Ch\u00e1vez<\/strong><\/p>\n\n\n\n<p>N\u00e3o \u00e9 a primeira vez que o chavismo sofre uma tentativa de golpe de Estado. Em 2002, o presidente Hugo Ch\u00e1vez foi sequestrado por for\u00e7as militares durante dois dias e foi substitu\u00eddo por um governo imediatamente reconhecido pelos EUA e por Espanha. Apesar das centenas de chavistas mortos provocados pela repress\u00e3o policial durante o golpe de Estado, nenhum dos partidos da oposi\u00e7\u00e3o foi ilegalizado quando a democracia foi reestabelecida com o regresso de Ch\u00e1vez. Muitos dos protagonistas da viol\u00eancia fugiram para os EUA e para a Col\u00f4mbia.<\/p>\n","protected":false},"excerpt":{"rendered":"<p>Oposi\u00e7\u00e3o tenta dar golpe de Estado Numa situa\u00e7\u00e3o in\u00e9dita, pa\u00edses alinhados com os Estados Unidos e a Uni\u00e3o Europeia tentam imp\u00f4r um opositor como presidente apesar de n\u00e3o ter participado nas elei\u00e7\u00f5es presidenciais antecipadas que deram a vit\u00f3ria a Nicol\u00e1s Maduro. Foi no dia 23 de janeiro que Juan Guaid\u00f3, desconhecido para a maioria da &hellip; <a href=\"https:\/\/vozoperario.pt\/jornal\/2019\/02\/06\/tensao-na-venezuela%ef%bb%bf\/\" class=\"more-link\">Continue reading <span class=\"screen-reader-text\">Tens\u00e3o na Venezuela\ufeff<\/span><\/a><\/p>\n","protected":false},"author":153,"featured_media":1501,"comment_status":"open","ping_status":"closed","sticky":false,"template":"","format":"standard","meta":[],"categories":[47],"tags":[],"coauthors":[],"acf":[],"_links":{"self":[{"href":"https:\/\/vozoperario.pt\/jornal\/wp-json\/wp\/v2\/posts\/1500"}],"collection":[{"href":"https:\/\/vozoperario.pt\/jornal\/wp-json\/wp\/v2\/posts"}],"about":[{"href":"https:\/\/vozoperario.pt\/jornal\/wp-json\/wp\/v2\/types\/post"}],"author":[{"embeddable":true,"href":"https:\/\/vozoperario.pt\/jornal\/wp-json\/wp\/v2\/users\/153"}],"replies":[{"embeddable":true,"href":"https:\/\/vozoperario.pt\/jornal\/wp-json\/wp\/v2\/comments?post=1500"}],"version-history":[{"count":3,"href":"https:\/\/vozoperario.pt\/jornal\/wp-json\/wp\/v2\/posts\/1500\/revisions"}],"predecessor-version":[{"id":2001,"href":"https:\/\/vozoperario.pt\/jornal\/wp-json\/wp\/v2\/posts\/1500\/revisions\/2001"}],"wp:featuredmedia":[{"embeddable":true,"href":"https:\/\/vozoperario.pt\/jornal\/wp-json\/wp\/v2\/media\/1501"}],"wp:attachment":[{"href":"https:\/\/vozoperario.pt\/jornal\/wp-json\/wp\/v2\/media?parent=1500"}],"wp:term":[{"taxonomy":"category","embeddable":true,"href":"https:\/\/vozoperario.pt\/jornal\/wp-json\/wp\/v2\/categories?post=1500"},{"taxonomy":"post_tag","embeddable":true,"href":"https:\/\/vozoperario.pt\/jornal\/wp-json\/wp\/v2\/tags?post=1500"},{"taxonomy":"author","embeddable":true,"href":"https:\/\/vozoperario.pt\/jornal\/wp-json\/wp\/v2\/coauthors?post=1500"}],"curies":[{"name":"wp","href":"https:\/\/api.w.org\/{rel}","templated":true}]}}