{"id":10352,"date":"2026-08-31T08:58:52","date_gmt":"2026-08-31T08:58:52","guid":{"rendered":"https:\/\/vozoperario.pt\/jornal\/?p=10352"},"modified":"2026-08-31T09:04:17","modified_gmt":"2026-08-31T09:04:17","slug":"portugal-a-ue-e-as-alteracoes-climaticas","status":"publish","type":"post","link":"https:\/\/vozoperario.pt\/jornal\/2026\/08\/31\/portugal-a-ue-e-as-alteracoes-climaticas\/","title":{"rendered":"Portugal, a UE e as Altera\u00e7\u00f5es Clim\u00e1ticas"},"content":{"rendered":"\n<p>Portugal e a UE t\u00eam sido afetados pelas altera\u00e7\u00f5es clim\u00e1ticas. A resposta aos impactos dos desastres clim\u00e1ticos tem assumido duas vertentes dentro do espa\u00e7o da UE:&nbsp;<a target=\"_blank\" href=\"https:\/\/ec.europa.eu\/regional_policy\/projects\/projects-list_en?websiteId=16&amp;themeId=29&amp;pageTitle=3\" rel=\"noreferrer noopener\">atirar<\/a>&nbsp;dinheiro ao problema sem um plano estrutural de fundo que ajude a combater estas cat\u00e1strofes no futuro &#8211; priorizando principalmente a iniciativa individual da&nbsp;<a target=\"_blank\" href=\"https:\/\/civil-protection-humanitarian-aid.ec.europa.eu\/what\/humanitarian-aid\/disaster-preparedness_en\" rel=\"noreferrer noopener\">popula\u00e7\u00e3o<\/a>. As pol\u00edticas europeias nesta mat\u00e9ria est\u00e3o quase inteiramente ligadas \u00e0&nbsp;<a target=\"_blank\" href=\"https:\/\/pt.euronews.com\/my-europe\/2026\/08\/06\/ue-aposta-na-prevencao-na-sua-nova-estrategia-de-combate-aos-fogos-florestais\" rel=\"noreferrer noopener\">resposta&nbsp;<\/a>a cat\u00e1strofes e pouco ligadas \u00e0 preven\u00e7\u00e3o. A resposta de Portugal \u00e0s cat\u00e1strofes ser\u00e1 em linha com as ordens em Bruxelas, sem espa\u00e7o \u00e0 iniciativa nacional.<\/p>\n\n\n\n<h2 class=\"wp-block-heading\">A resposta de Portugal aos estragos das tempestades<\/h2>\n\n\n\n<p>Os enormes problemas causados pela sequ\u00eancia de tempestades que afetou o nosso pa\u00eds em Fevereiro continuam sem resolu\u00e7\u00e3o. As seguradoras tinham milhares de processos por resolver em meados de Junho. Os apoios prometidos, para reconstru\u00e7\u00e3o, pelo regime do Montenegro, sabemos que em&nbsp;<a target=\"_blank\" href=\"https:\/\/www.rtp.pt\/noticias\/politica\/seis-meses-de-kristin-ps-acusa-governo-de-falta-de-humildade-e-empatia-apos-a-tempestade-psd-admite-atrasos-mas-garante-evolucao_a1755348\" rel=\"noreferrer noopener\">Julho<\/a>&nbsp;estava ainda um ter\u00e7o das candidaturas por solucionar. Como vem sendo habitual, nenhum membro do governo ter\u00e1 responsabilidade. V\u00e3o sempre tratar de tudo no virar da esquina. No entanto, a popula\u00e7\u00e3o continua a ser prejudicada por tanta incompet\u00eancia.<\/p>\n\n\n\n<p>As tempestades tiraram areia \u00e0s praias, alterando permanentemente a sua estrutura. A coloca\u00e7\u00e3o de areia extra \u00e9 um triste exemplo de como atirar dinheiro ao problema. Foram gastos cerca de 174&nbsp;<a target=\"_blank\" href=\"https:\/\/www.sabado.pt\/portugal\/detalhe\/reposicao-de-areias-na-costa-da-caparica-concluida-a-tempo-do-inicio-da-epoca-balnear\" rel=\"noreferrer noopener\">milh\u00f5es<\/a>&nbsp;de euros na reposi\u00e7\u00e3o de areias antes da \u00e9poca balnear. Novas tempestades vir\u00e3o nos pr\u00f3ximos anos e os milhares de euros enterrados nessa areia ser\u00e3o in\u00fateis.<\/p>\n\n\n\n<h2 class=\"wp-block-heading\">As ondas de calor na Europa<\/h2>\n\n\n\n<p>A Europa j\u00e1 enfrentou quatro&nbsp;<a target=\"_blank\" href=\"https:\/\/www.aa.com.tr\/en\/europe\/western-europe-sees-hottest-june-july-period-on-record-eus-climate-agency\/4022795\" rel=\"noreferrer noopener\">ondas<\/a>&nbsp;de calor. As recomenda\u00e7\u00f5es das autoridades foram: fique em casa, permane\u00e7a na sombra, beba \u00e1gua. Os conselhos \u00e0 a\u00e7\u00e3o<a target=\"_blank\" href=\"https:\/\/www.sns24.gov.pt\/pt\/tema\/prevencao-e-cuidados-de-saude\/proteja-se-contra-o-calor\" rel=\"noreferrer noopener\">&nbsp;individual<\/a>&nbsp;n\u00e3o param, enquanto as a\u00e7\u00f5es governamentais n\u00e3o s\u00e3o tomadas. Ali\u00e1s, o regime de Montenegro&nbsp;<a target=\"_blank\" href=\"https:\/\/www.rtp.pt\/noticias\/politica\/podia-ser-extremo-frio-ou-calor-governo-insiste-que-nao-e-preciso-mudar-a-lei_n1750626\" rel=\"noreferrer noopener\">recusou<\/a>&nbsp;mudar as leis para proteger quem trabalha ao sol e calor abrasador. J\u00e1 a UE&nbsp;<a target=\"_blank\" href=\"https:\/\/www.interreg-central.eu\/projects\/ready4heat\/\" rel=\"noreferrer noopener\">estudou<\/a>, viu e fez\u2026 Nada! O que \u00e9 agravado pela legisla\u00e7\u00e3o de muitos pa\u00edses n\u00e3o contemplarem a possibilidade de altera\u00e7\u00f5es&nbsp;<a target=\"_blank\" href=\"https:\/\/forbes.com.br\/carreira\/2026\/06\/calor-extremo-na-europa-como-as-leis-trabalhistas-protegem-os-profissionais-em-cada-pais\/\" rel=\"noreferrer noopener\">laborais<\/a>&nbsp;perante as ondas de calor. Em resultado desta ina\u00e7\u00e3o tivemos um excesso de&nbsp;<a target=\"_blank\" href=\"https:\/\/www.rtp.pt\/noticias\/mundo\/calor-dados-provisorios-apontam-mais-de-30-mil-mortes-em-excesso-na-europa_n1760912\" rel=\"noreferrer noopener\">mortalidade<\/a>, com mais de 30 mil mortes devido ao calor.<\/p>\n\n\n\n<p>Em consequ\u00eancia do calor, o&nbsp;<a target=\"_blank\" href=\"https:\/\/www.dutchnews.nl\/2026\/08\/rhines-water-flow-drops-to-near-80-year-low-shipping-curbed\/\" rel=\"noreferrer noopener\">Reno<\/a>&nbsp;e seus tribut\u00e1rios est\u00e3o com n\u00edveis de \u00e1gua muito baixos. Esta seca afeta o transporte de pessoas e bens, que foram adiados, reduzidos ou cancelados. O&nbsp;<a target=\"_blank\" href=\"https:\/\/www.euractiv.com\/news\/hungary-avoids-nuclear-shutdown-by-millimetres-as-danube-rises\/\" rel=\"noreferrer noopener\">Dan\u00fabio<\/a>&nbsp;est\u00e1 igualmente com n\u00edveis muito baixos de \u00e1gua, levando a problemas de gera\u00e7\u00e3o de energia na Hungria, Rom\u00e9nia e \u00c1ustria.<\/p>\n\n\n\n<h2 class=\"wp-block-heading\">O problema dos fogos florestais<\/h2>\n\n\n\n<p>Portugal continua a n\u00e3o ser poupado aos fogos, sendo este o ano com o&nbsp;<a target=\"_blank\" href=\"https:\/\/sapo.pt\/artigo\/em-seis-meses-arderam-53-731-hectares-em-portugal-o-segundo-pior-registo-desde-pedrogao-6a7486d72218b0c1f08b3ee5\" rel=\"noreferrer noopener\">terceiro<\/a>&nbsp;valor mais alto de \u00e1rea ardida em 10 anos. Em Junho era j\u00e1 claro que os bombeiros Europeus estavam a enfrentar problemas. A UE&nbsp;<a target=\"_blank\" href=\"https:\/\/www.insurancejournal.com\/news\/international\/2026\/06\/22\/874786.htm\" rel=\"noreferrer noopener\">planeava<\/a>&nbsp;colocar 777 bombeiros em servi\u00e7o para enfrentar a \u00e9poca de fogos. At\u00e9 aqui tudo bem, mas com bombeiros treinados e n\u00e3o contratados, outros contratados, por\u00e9m, sem tarefas atribu\u00eddas, n\u00e3o foi um bom in\u00edcio. Os bombeiros Franceses tinham pedido mais fundos, coordena\u00e7\u00e3o nacional e mais contrata\u00e7\u00f5es em Maio deste ano. Os Portugueses queixam-se dos baixos sal\u00e1rios e falta de meios para o combate aos inc\u00eandios &#8211; um bombeiro volunt\u00e1rio ganha cerca de 3,5 euros por hora . Os Espanh\u00f3is pedem melhores sal\u00e1rios e mais contrata\u00e7\u00f5es. Os pedidos n\u00e3o foram atendidos na totalidade.<\/p>\n\n\n\n<p>Em Espanha j\u00e1 arderam cerca de 297 mil hectares, o que representa 48,1% do total em toda a UE. Em Julho de 2026 era o pa\u00eds da UE com mais inc\u00eandios. Em Fran\u00e7a os fogos obrigaram a evacuar mais de 224 mil pessoas, naquela que j\u00e1 foi considerada a maior&nbsp;<a target=\"_blank\" href=\"https:\/\/fortune.com\/2026\/08\/04\/europes-long-hot-summer-leads-to-thousands-evacuated-and-fire-operators-dead\/\" rel=\"noreferrer noopener\">evacua\u00e7\u00e3o<\/a>&nbsp;fora de tempo de guerra. Na ilha de&nbsp;<a target=\"_blank\" href=\"https:\/\/www.dw.com\/en\/crete-wildfires-cause-evacuations-and-firefighter-deaths\/a-78171093\" rel=\"noreferrer noopener\">Creta<\/a>&nbsp;j\u00e1 s\u00e3o 8000 as pessoas evacuadas por causa dos inc\u00eandios. Claramente algo est\u00e1 a falhar.<\/p>\n\n\n\n<p>A inoper\u00e2ncia, a cegueira ideol\u00f3gica liberal e a falta de vontade pol\u00edtica est\u00e3o a dar os resultados esperados. A Uni\u00e3o Europeia regista cerca de um milh\u00e3o de hectares de \u00e1rea ardida, o&nbsp;<a target=\"_blank\" href=\"https:\/\/insideclimatenews.org\/news\/08082026\/wildfires-test-international-cooperation\/\" rel=\"noreferrer noopener\">dobro&nbsp;<\/a>da m\u00e9dia anual em 20 anos . Esta intensidade e frequ\u00eancia levam a que a coopera\u00e7\u00e3o entre governos e programas internacionais comece a ser insuficiente para tantos inc\u00eandios. Entretanto, as seguradoras e financeiras consideram tornar o&nbsp;<a target=\"_blank\" href=\"https:\/\/www.claimsjournal.com\/news\/national\/2026\/08\/04\/339257.htm\" rel=\"noreferrer noopener\">financiamento<\/a>&nbsp;para enfrentar cat\u00e1strofes num jogo de bolsa, onde os investidores podem fazer lucros. Quando houver perdas, \u00e9 expect\u00e1vel que sejam os cidad\u00e3os da UE a pagar.<\/p>\n\n\n\n<p>O fen\u00f3meno El Ni\u00f1o continua a&nbsp;<a target=\"_blank\" href=\"https:\/\/www.climatecentre.org\/17618\/el-nino-continues-to-intensify-threatening-to-expand-global-hunger\/\" rel=\"noreferrer noopener\">intensificar-se<\/a>, criando a possibilidade de problemas s\u00e9rios para o nosso pa\u00eds at\u00e9 ao fim do ano e in\u00edcio do pr\u00f3ximo. As tempestades do in\u00edcio do ano afetaram a capacidade de&nbsp;<a target=\"_blank\" href=\"https:\/\/www.youtube.com\/watch?v=mqEBQ_kcVuc&amp;t=1489s\" rel=\"noreferrer noopener\">produ\u00e7\u00e3o<\/a>&nbsp;agr\u00edcola &#8211; as exporta\u00e7\u00f5es portuguesas de frutas e legumes sofreram uma quebra de 3,5% para&nbsp;<a target=\"_blank\" href=\"https:\/\/www.jornaldenegocios.pt\/empresas\/agricultura-e-pescas\/detalhe\/tempestades-atingem-exportacoes-de-frutas-legumes-e-flores-com-quebra-de-3-5-ate-junho\" rel=\"noreferrer noopener\">1.226 milh\u00f5es de euros<\/a>&nbsp;no primeiro semestre, resultado das tempestades. A guerra contra o Ir\u00e3o est\u00e1 a impactar negativamente a produ\u00e7\u00e3o agr\u00edcola&nbsp;<a target=\"_blank\" href=\"https:\/\/www.youtube.com\/watch?v=LMY_rl40BRc&amp;t=655s\" rel=\"noreferrer noopener\">global<\/a>. Os pre\u00e7os da alimenta\u00e7\u00e3o n\u00e3o param de subir e h\u00e1 a hip\u00f3tese de falhas de abastecimento. De notar ainda que as recentes ondas de calor j\u00e1 levaram \u00e0 destrui\u00e7\u00e3o for\u00e7ada de 9 milh\u00f5es de&nbsp;<a target=\"_blank\" href=\"https:\/\/www.rtp.pt\/noticias\/economia\/precos-dos-alimentos-sobem-em-julho-devido-as-condicoes-geopoliticas-e-climaticas_n1758224\" rel=\"noreferrer noopener\">toneladas<\/a>&nbsp;de cereais, s\u00f3 na Europa.<\/p>\n\n\n\n<p>As cat\u00e1strofes associadas \u00e0s altera\u00e7\u00f5es clim\u00e1ticas j\u00e1 s\u00e3o uma realidade, com tend\u00eancia a aumentar. O que fez a UE para atenuar este problema, ou enfrent\u00e1-lo? Claramente n\u00e3o o suficiente. A Alemanha, a maior economia da UE, decidiu&nbsp;<a target=\"_blank\" href=\"https:\/\/www.theguardian.com\/world\/2022\/jul\/08\/germany-reactivate-coal-power-plants-russia-curbs-gas-flow\" rel=\"noreferrer noopener\">reiniciar&nbsp;<\/a>as centrais a carv\u00e3o. Um crime ambiental que levou este pa\u00eds a tornar-se o quarto maior consumidor mundial de carv\u00e3o. Quatro anos desde o princ\u00edpio da guerra da Ucrania e a Alemanha est\u00e1 a considerar&nbsp;<a target=\"_blank\" href=\"https:\/\/www.bbc.com\/news\/articles\/cy04ykxrj5eo\" rel=\"noreferrer noopener\">aumentar<\/a>&nbsp;o consumo de carv\u00e3o. Assim vai a transi\u00e7\u00e3o ambiental e mitiga\u00e7\u00e3o de cat\u00e1strofes da UE\u2026<\/p>\n","protected":false},"excerpt":{"rendered":"<p>Em vez de criar um plano estrutural s\u00e9rio de combate e promover a preven\u00e7\u00e3o das cat\u00e1strofes ambientais, Portugal e a UE apostam apenas em atirar dinheiro ao problema e em responsabilizar os indiv\u00edduos.<\/p>\n","protected":false},"author":5,"featured_media":10353,"comment_status":"closed","ping_status":"closed","sticky":false,"template":"","format":"standard","meta":[],"categories":[51],"tags":[],"coauthors":[270],"acf":[],"_links":{"self":[{"href":"https:\/\/vozoperario.pt\/jornal\/wp-json\/wp\/v2\/posts\/10352"}],"collection":[{"href":"https:\/\/vozoperario.pt\/jornal\/wp-json\/wp\/v2\/posts"}],"about":[{"href":"https:\/\/vozoperario.pt\/jornal\/wp-json\/wp\/v2\/types\/post"}],"author":[{"embeddable":true,"href":"https:\/\/vozoperario.pt\/jornal\/wp-json\/wp\/v2\/users\/5"}],"replies":[{"embeddable":true,"href":"https:\/\/vozoperario.pt\/jornal\/wp-json\/wp\/v2\/comments?post=10352"}],"version-history":[{"count":4,"href":"https:\/\/vozoperario.pt\/jornal\/wp-json\/wp\/v2\/posts\/10352\/revisions"}],"predecessor-version":[{"id":10369,"href":"https:\/\/vozoperario.pt\/jornal\/wp-json\/wp\/v2\/posts\/10352\/revisions\/10369"}],"wp:featuredmedia":[{"embeddable":true,"href":"https:\/\/vozoperario.pt\/jornal\/wp-json\/wp\/v2\/media\/10353"}],"wp:attachment":[{"href":"https:\/\/vozoperario.pt\/jornal\/wp-json\/wp\/v2\/media?parent=10352"}],"wp:term":[{"taxonomy":"category","embeddable":true,"href":"https:\/\/vozoperario.pt\/jornal\/wp-json\/wp\/v2\/categories?post=10352"},{"taxonomy":"post_tag","embeddable":true,"href":"https:\/\/vozoperario.pt\/jornal\/wp-json\/wp\/v2\/tags?post=10352"},{"taxonomy":"author","embeddable":true,"href":"https:\/\/vozoperario.pt\/jornal\/wp-json\/wp\/v2\/coauthors?post=10352"}],"curies":[{"name":"wp","href":"https:\/\/api.w.org\/{rel}","templated":true}]}}