{"id":10343,"date":"2026-08-31T08:52:46","date_gmt":"2026-08-31T08:52:46","guid":{"rendered":"https:\/\/vozoperario.pt\/jornal\/?p=10343"},"modified":"2026-08-31T09:03:54","modified_gmt":"2026-08-31T09:03:54","slug":"ceuta-migrantes-e-refugiados-usados-como-arma-de-arremesso","status":"publish","type":"post","link":"https:\/\/vozoperario.pt\/jornal\/2026\/08\/31\/ceuta-migrantes-e-refugiados-usados-como-arma-de-arremesso\/","title":{"rendered":"Ceuta. Migrantes e refugiados\u00a0usados como arma de arremesso"},"content":{"rendered":"\n<p>Em pleno ver\u00e3o, as imagens de Ceuta chegaram a milh\u00f5es de ecr\u00e3s e alimentaram narrativas opostas numa batalha pelo controlo pol\u00edtico do relato sobre a trag\u00e9dia humana que envolveu a entrada de 80 mil pessoas num territ\u00f3rio com 84 mil habitantes. Desde logo ficou evidente que uma massa humana desta dimens\u00e3o nunca conseguiria atravessar a fronteira sem a coniv\u00eancia de Marrocos e, dias depois, a esmagadora maioria dessas pessoas j\u00e1 havia regressado a Marrocos. Este epis\u00f3dio fez lembrar a crise de refugiados e migrantes que sa\u00edram da Turquia rumo \u00e0 Europa. Em 2015, o Presidente turco Recep Tayyip Erdo\u011fan abriu as fronteiras para a sa\u00edda de milh\u00f5es de s\u00edrios e outros refugiados como ferramenta de press\u00e3o pol\u00edtica sobre a Uni\u00e3o Europeia e acabou a fech\u00e1-las depois de um acordo de compensa\u00e7\u00e3o financeira com Bruxelas.<\/p>\n\n\n\n<p>Apenas 10 dias antes da crise migrat\u00f3ria em Ceuta, Pedro S\u00e1nchez, chefe do governo espanhol, aterrara em Argel para um encontro com o presidente Abdelmayid Tebboune. Em 2022, Espanha tinha decidido mudar a sua posi\u00e7\u00e3o hist\u00f3rica de apoio \u00e0 autodetermina\u00e7\u00e3o do Sahara Ocidental, sua antiga col\u00f3nia agora ocupada por Marrocos, e Pedro S\u00e1nchez passou a defender um regime de autonomia posicionando-se ao lado de Rabat. Essa viragem levou ao arrefecimento das rela\u00e7\u00f5es da Arg\u00e9lia, aliada do Sahara Ocidental, com Madrid, que recebeu o governante espanhol seis anos depois da \u00faltima visita. O breve encontro serviu para debater a reativa\u00e7\u00e3o do di\u00e1logo pol\u00edtico, quest\u00f5es de coopera\u00e7\u00e3o econ\u00f3mica, sobretudo no setor energ\u00e9tico, onde Espanha depende do g\u00e1s natural argelino.<\/p>\n\n\n\n<p>Para al\u00e9m da turbulenta rela\u00e7\u00e3o de Marrocos com a Arg\u00e9lia devido ao Sahara Ocidental, que levou \u00e0 ruptura diplom\u00e1tica total em 2021, Rabat, que obteve a sua independ\u00eancia de Fran\u00e7a e Espanha em 1956, reclama Ceuta e Melilla, cidades aut\u00f3nomas controladas por Madrid, que Marrocos considera os \u00faltimos vest\u00edgios de colonialismo europeu no seu pa\u00eds. Hoje, o pa\u00eds africano \u00e9 um dos principais aliados dos Estados Unidos e de Israel no continente e o Reino de Marrocos assinou seis contratos de lobbying num valor total de 2,3 milh\u00f5es de euros, s\u00f3 em 2025, para consolidar a sua influ\u00eancia junto da administra\u00e7\u00e3o Trump. Por outro lado, Marrocos normalizou as suas rela\u00e7\u00f5es com Israel em 2020 com a assinatura dos Acordos Abra\u00e3o com Israel a reconhecer oficialmente a soberania de Marrocos sobre o Sahara Ocidental. Desde ent\u00e3o, Israel tornou-se num dos principais fornecedores de armas de Marrocos com sistemas avan\u00e7ados de defesa antia\u00e9rea, sat\u00e9lites de reconhecimento e drones. Simultaneamente, a troca de informa\u00e7\u00f5es entre as suas ag\u00eancias de intelig\u00eancia aumentaram.<\/p>\n\n\n\n<p>Neste contexto, as rea\u00e7\u00f5es do executivo liderado por Pedro S\u00e1nchez sobre a Palestina nos \u00faltimos anos t\u00eam levantado violentas declara\u00e7\u00f5es de governantes israelitas e avan\u00e7ou-se com a suspeita de Telavive e Washington terem incentivado Marrocos a abrir as portas \u00e0 entrada massiva de migrantes em Ceuta.<\/p>\n\n\n\n<p>Como era de esperar, a direita e a extrema-direita espanhola t\u00eam procurado capitalizar com este incidente acusando o governo de n\u00e3o conseguir proteger as fronteiras espanholas e de estarem a enfrentar uma invas\u00e3o.<\/p>\n\n\n\n<h2 class=\"wp-block-heading\">UE paga campos de concentra\u00e7\u00e3o de migrantes<\/h2>\n\n\n\n<p>Se cerca de 75 mil migrantes e refugiados j\u00e1 regressaram a Marrocos, cerca de 5 mil continuam presentes nas ruas de Ceuta \u00e0 procura de uma solu\u00e7\u00e3o, com cerca de 1500 alojados em dois centros. Por um lado, est\u00e3o mulheres e crian\u00e7as, por outro, imigrantes provenientes da \u00c1frica subsaariana e, ainda noutro, cidad\u00e3os marroquinos. Para l\u00e1 das acusa\u00e7\u00f5es m\u00fatuas entre Espanha e Marrocos, muitos dos que agora continuam em Ceuta s\u00e3o o retrato de diferentes realidades: v\u00edtimas do terrorismo, de guerras e de extrema pobreza. E em muitos dos casos, s\u00e3o fen\u00f3menos provocados direta ou indiretamente pela inger\u00eancia ocidental nesses pa\u00edses. Nos \u00faltimos anos, os fluxos migrat\u00f3rios esbarraram com as pol\u00edticas anti-imigra\u00e7\u00e3o da Uni\u00e3o Europeia e o Mar Mediterr\u00e2neo transformou-se num aut\u00eantico cemit\u00e9rio de seres humanos. Segundo um relat\u00f3rio da Organiza\u00e7\u00e3o Internacional para as Migra\u00e7\u00f5es, s\u00f3 no primeiro trimestre deste ano desapareceram ou perderam a vida 1022 pessoas a tentar alcan\u00e7ar as costas europeias. Mas este dado \u00e9 ainda mais surpreendente se olharmos para o n\u00famero de pessoas que ter\u00e3o morrido a tentar atravessar o Mediterr\u00e2neo na \u00faltima d\u00e9cada. Cerca de 34 mil pessoas n\u00e3o conseguiram chegar \u00e0 Europa e morreram afogadas, mais do dobro do total de civis mortos na guerra na Ucr\u00e2nia, segundo as Na\u00e7\u00f5es Unidas.<\/p>\n\n\n\n<p>Em muitos casos, os navios patrulha da Ag\u00eancia Europeia da Guarda de Fronteiras e Costeira, conhecida como Frontex, n\u00e3o resgatam os migrantes e obrigam-nos a regressar \u00e0s \u00e1guas territoriais de pa\u00edses africanos ou asi\u00e1ticos. Por exemplo, a organiza\u00e7\u00e3o Human Rights Watch acusa a Frontex de n\u00e3o ter procedido ao aux\u00edlio de v\u00e1rias embarca\u00e7\u00f5es em perigo e de ter alertado as for\u00e7as de terceiros pa\u00edses, como a L\u00edbia, para deterem os tripulantes desses barcos. Ao mesmo tempo, em pa\u00edses como a Alb\u00e2nia, Ruanda, Uzbequist\u00e3o, Maurit\u00e2nia ou L\u00edbia, foram instalados campos de concentra\u00e7\u00e3o de migrantes com dinheiro da Uni\u00e3o Europeia at\u00e9 \u00e0 expuls\u00e3o e retorno destas pessoas aos seus pa\u00edses de origem.<\/p>\n","protected":false},"excerpt":{"rendered":"<p>H\u00e1 um m\u00eas, a 30 de julho, cerca de 80 mil pessoas atravessaram a fronteira que separa Marrocos de Ceuta num desastre humanit\u00e1rio em que os imigrantes foram, uma vez mais, v\u00edtimas da turbul\u00eancia geopol\u00edtica.<\/p>\n","protected":false},"author":5,"featured_media":10344,"comment_status":"closed","ping_status":"closed","sticky":false,"template":"","format":"standard","meta":[],"categories":[47],"tags":[],"coauthors":[71],"acf":[],"_links":{"self":[{"href":"https:\/\/vozoperario.pt\/jornal\/wp-json\/wp\/v2\/posts\/10343"}],"collection":[{"href":"https:\/\/vozoperario.pt\/jornal\/wp-json\/wp\/v2\/posts"}],"about":[{"href":"https:\/\/vozoperario.pt\/jornal\/wp-json\/wp\/v2\/types\/post"}],"author":[{"embeddable":true,"href":"https:\/\/vozoperario.pt\/jornal\/wp-json\/wp\/v2\/users\/5"}],"replies":[{"embeddable":true,"href":"https:\/\/vozoperario.pt\/jornal\/wp-json\/wp\/v2\/comments?post=10343"}],"version-history":[{"count":3,"href":"https:\/\/vozoperario.pt\/jornal\/wp-json\/wp\/v2\/posts\/10343\/revisions"}],"predecessor-version":[{"id":10368,"href":"https:\/\/vozoperario.pt\/jornal\/wp-json\/wp\/v2\/posts\/10343\/revisions\/10368"}],"wp:featuredmedia":[{"embeddable":true,"href":"https:\/\/vozoperario.pt\/jornal\/wp-json\/wp\/v2\/media\/10344"}],"wp:attachment":[{"href":"https:\/\/vozoperario.pt\/jornal\/wp-json\/wp\/v2\/media?parent=10343"}],"wp:term":[{"taxonomy":"category","embeddable":true,"href":"https:\/\/vozoperario.pt\/jornal\/wp-json\/wp\/v2\/categories?post=10343"},{"taxonomy":"post_tag","embeddable":true,"href":"https:\/\/vozoperario.pt\/jornal\/wp-json\/wp\/v2\/tags?post=10343"},{"taxonomy":"author","embeddable":true,"href":"https:\/\/vozoperario.pt\/jornal\/wp-json\/wp\/v2\/coauthors?post=10343"}],"curies":[{"name":"wp","href":"https:\/\/api.w.org\/{rel}","templated":true}]}}