{"id":10306,"date":"2026-08-31T08:10:16","date_gmt":"2026-08-31T08:10:16","guid":{"rendered":"https:\/\/vozoperario.pt\/jornal\/?p=10306"},"modified":"2026-08-31T08:10:17","modified_gmt":"2026-08-31T08:10:17","slug":"apresentacao-da-10-a-gala-de-fado-na-mouraria","status":"publish","type":"post","link":"https:\/\/vozoperario.pt\/jornal\/2026\/08\/31\/apresentacao-da-10-a-gala-de-fado-na-mouraria\/","title":{"rendered":"Apresenta\u00e7\u00e3o da\u00a010.\u00aa Gala de Fado na Mouraria"},"content":{"rendered":"\n<p>O evento que tem o objetivo de valorizar este g\u00e9nero musical e os seus m\u00fasicos volta a contar com o apoio da Antena 1 e com a coprodu\u00e7\u00e3o do Museu do Fado. A apresenta\u00e7\u00e3o desta iniciativa cultural, que vai acontecer no Maria da Mouraria (Largo da Severa), no dia 17 de setembro, pelas 19h, vai revelar dos homenageados e do elenco da 10\u00aa edi\u00e7\u00e3o e vai contar, tamb\u00e9m, com a atua\u00e7\u00e3o de H\u00e9lder Moutinho (Pr\u00e9mio Tributo da 2\u00aa Gala de Fado d\u2019 A Voz do Oper\u00e1rio) e dos dois Pr\u00e9mios Revela\u00e7\u00e3o deste ano.<\/p>\n\n\n\n<p>Esta gala distingue-se pelo seu car\u00e1ter solid\u00e1rio e pela participa\u00e7\u00e3o volunt\u00e1ria de todos os artistas, tendo tamb\u00e9m como objetivo a divulga\u00e7\u00e3o do fado enquanto express\u00e3o cultural e o reconhecimento p\u00fablico dos seus protagonistas. A liga\u00e7\u00e3o entre A Voz do Oper\u00e1rio e o fado remonta \u00e0 sua cria\u00e7\u00e3o, no final do s\u00e9culo XIX. Ao longo da sua hist\u00f3ria, foram in\u00fameras as personalidades deste g\u00e9nero musical que apoiaram a institui\u00e7\u00e3o atrav\u00e9s de espet\u00e1culos. Tamb\u00e9m as p\u00e1ginas do jornal foram sempre um espa\u00e7o aberto para muitos autores darem a conhecer os seus poemas e defenderem o fado enquanto express\u00e3o cultural das classes trabalhadoras.<\/p>\n","protected":false},"excerpt":{"rendered":"<p>A Gala de Fado regressa \u00e0 Voz do Oper\u00e1rio, como acontece anualmente, para celebrar a sua primeira d\u00e9cada no dia 15 de novembro.<\/p>\n","protected":false},"author":153,"featured_media":9346,"comment_status":"closed","ping_status":"closed","sticky":false,"template":"","format":"standard","meta":[],"categories":[43],"tags":[],"coauthors":[89],"acf":[],"_links":{"self":[{"href":"https:\/\/vozoperario.pt\/jornal\/wp-json\/wp\/v2\/posts\/10306"}],"collection":[{"href":"https:\/\/vozoperario.pt\/jornal\/wp-json\/wp\/v2\/posts"}],"about":[{"href":"https:\/\/vozoperario.pt\/jornal\/wp-json\/wp\/v2\/types\/post"}],"author":[{"embeddable":true,"href":"https:\/\/vozoperario.pt\/jornal\/wp-json\/wp\/v2\/users\/153"}],"replies":[{"embeddable":true,"href":"https:\/\/vozoperario.pt\/jornal\/wp-json\/wp\/v2\/comments?post=10306"}],"version-history":[{"count":2,"href":"https:\/\/vozoperario.pt\/jornal\/wp-json\/wp\/v2\/posts\/10306\/revisions"}],"predecessor-version":[{"id":10308,"href":"https:\/\/vozoperario.pt\/jornal\/wp-json\/wp\/v2\/posts\/10306\/revisions\/10308"}],"wp:featuredmedia":[{"embeddable":true,"href":"https:\/\/vozoperario.pt\/jornal\/wp-json\/wp\/v2\/media\/9346"}],"wp:attachment":[{"href":"https:\/\/vozoperario.pt\/jornal\/wp-json\/wp\/v2\/media?parent=10306"}],"wp:term":[{"taxonomy":"category","embeddable":true,"href":"https:\/\/vozoperario.pt\/jornal\/wp-json\/wp\/v2\/categories?post=10306"},{"taxonomy":"post_tag","embeddable":true,"href":"https:\/\/vozoperario.pt\/jornal\/wp-json\/wp\/v2\/tags?post=10306"},{"taxonomy":"author","embeddable":true,"href":"https:\/\/vozoperario.pt\/jornal\/wp-json\/wp\/v2\/coauthors?post=10306"}],"curies":[{"name":"wp","href":"https:\/\/api.w.org\/{rel}","templated":true}]}}