{"id":10299,"date":"2026-08-31T08:03:34","date_gmt":"2026-08-31T08:03:34","guid":{"rendered":"https:\/\/vozoperario.pt\/jornal\/?p=10299"},"modified":"2026-08-31T08:03:34","modified_gmt":"2026-08-31T08:03:34","slug":"estudos-feitos-a-medida","status":"publish","type":"post","link":"https:\/\/vozoperario.pt\/jornal\/2026\/08\/31\/estudos-feitos-a-medida\/","title":{"rendered":"Estudos feitos \u00e0 medida"},"content":{"rendered":"\n<p>Um estudo sobre a sustentabilidade da seguran\u00e7a social encomendado pelo governo destapa, uma vez mais, a desonestidade do executivo liderado por Lu\u00eds Montenegro. O processo de tentativa de impor uma reforma da legisla\u00e7\u00e3o laboral passou pelas mesmas etapas. Estudos encomendados \u00e0 medida e desinforma\u00e7\u00e3o na comunica\u00e7\u00e3o social para tentar convencer quem trabalha de que as propostas do governo visam proteger a maioria dos portugueses e n\u00e3o a minoria de privados que serve de b\u00fassula pol\u00edtica a Lu\u00eds Montenegro. O objetivo encapotado, tamb\u00e9m desta vez, n\u00e3o \u00e9 novo. A privatiza\u00e7\u00e3o da seguran\u00e7a social est\u00e1 h\u00e1 d\u00e9cadas nos planos dos grandes grupos econ\u00f3micos e financeiros e dos partidos que os representam. Um estudo da Organiza\u00e7\u00e3o Internacional do Trabalho mostrou que cerca de 60% dos pa\u00edses que privatizaram as suas pens\u00f5es entre 1981 e 2014 tiveram de voltar atr\u00e1s ap\u00f3s o colapso dos indicadores sociais e econ\u00f3micos. Como em v\u00e1rios setores, o governo procura testar as \u00e1guas para ver se h\u00e1 condi\u00e7\u00f5es para entregar as reformas e as pens\u00f5es dos trabalhadores a empresas privadas. F\u00e1-lo tamb\u00e9m com os transportes, com a sa\u00fade, com a educa\u00e7\u00e3o, seguindo a receita neoliberal que diferentes governos, tanto do PSD como do PS, levaram a cabo, sobretudo durante os mandatos de Cavaco Silva e de Passos Coelho. O caminho que se imp\u00f5e \u00e9 a valoriza\u00e7\u00e3o dos servi\u00e7os p\u00fablicos e a recupera\u00e7\u00e3o da capacidade produtiva e dos setores estrat\u00e9gicos com a interven\u00e7\u00e3o do Estado.<\/p>\n","protected":false},"excerpt":{"rendered":"<p>Um estudo sobre a sustentabilidade da seguran\u00e7a social encomendado pelo governo destapa, uma vez mais, a desonestidade do executivo liderado por Lu\u00eds Montenegro. O processo de tentativa de impor uma reforma da legisla\u00e7\u00e3o laboral passou pelas mesmas etapas. Estudos encomendados \u00e0 medida e desinforma\u00e7\u00e3o na comunica\u00e7\u00e3o social para tentar convencer quem trabalha de que as &hellip; <a href=\"https:\/\/vozoperario.pt\/jornal\/2026\/08\/31\/estudos-feitos-a-medida\/\" class=\"more-link\">Continue reading <span class=\"screen-reader-text\">Estudos feitos \u00e0 medida<\/span><\/a><\/p>\n","protected":false},"author":153,"featured_media":10224,"comment_status":"closed","ping_status":"closed","sticky":false,"template":"","format":"standard","meta":[],"categories":[37,52],"tags":[],"coauthors":[89],"acf":[],"_links":{"self":[{"href":"https:\/\/vozoperario.pt\/jornal\/wp-json\/wp\/v2\/posts\/10299"}],"collection":[{"href":"https:\/\/vozoperario.pt\/jornal\/wp-json\/wp\/v2\/posts"}],"about":[{"href":"https:\/\/vozoperario.pt\/jornal\/wp-json\/wp\/v2\/types\/post"}],"author":[{"embeddable":true,"href":"https:\/\/vozoperario.pt\/jornal\/wp-json\/wp\/v2\/users\/153"}],"replies":[{"embeddable":true,"href":"https:\/\/vozoperario.pt\/jornal\/wp-json\/wp\/v2\/comments?post=10299"}],"version-history":[{"count":2,"href":"https:\/\/vozoperario.pt\/jornal\/wp-json\/wp\/v2\/posts\/10299\/revisions"}],"predecessor-version":[{"id":10301,"href":"https:\/\/vozoperario.pt\/jornal\/wp-json\/wp\/v2\/posts\/10299\/revisions\/10301"}],"wp:featuredmedia":[{"embeddable":true,"href":"https:\/\/vozoperario.pt\/jornal\/wp-json\/wp\/v2\/media\/10224"}],"wp:attachment":[{"href":"https:\/\/vozoperario.pt\/jornal\/wp-json\/wp\/v2\/media?parent=10299"}],"wp:term":[{"taxonomy":"category","embeddable":true,"href":"https:\/\/vozoperario.pt\/jornal\/wp-json\/wp\/v2\/categories?post=10299"},{"taxonomy":"post_tag","embeddable":true,"href":"https:\/\/vozoperario.pt\/jornal\/wp-json\/wp\/v2\/tags?post=10299"},{"taxonomy":"author","embeddable":true,"href":"https:\/\/vozoperario.pt\/jornal\/wp-json\/wp\/v2\/coauthors?post=10299"}],"curies":[{"name":"wp","href":"https:\/\/api.w.org\/{rel}","templated":true}]}}