{"id":10296,"date":"2026-08-31T08:00:51","date_gmt":"2026-08-31T08:00:51","guid":{"rendered":"https:\/\/vozoperario.pt\/jornal\/?p=10296"},"modified":"2026-08-31T08:00:51","modified_gmt":"2026-08-31T08:00:51","slug":"novo-ano-letivo-na-voz-do-operario","status":"publish","type":"post","link":"https:\/\/vozoperario.pt\/jornal\/2026\/08\/31\/novo-ano-letivo-na-voz-do-operario\/","title":{"rendered":"Novo ano letivo n\u2019A Voz do Oper\u00e1rio"},"content":{"rendered":"\n<p>A Voz do Oper\u00e1rio mant\u00e9m uma resposta educativa abrangente, com val\u00eancias que acompanham as crian\u00e7as desde o ber\u00e7\u00e1rio at\u00e9 ao 2.\u00ba ciclo. Creche, pr\u00e9-escolar, 1.\u00ba e 2.\u00ba ciclos constituem um percurso educativo que permite dar continuidade ao trabalho desenvolvido em cada etapa, assegurando uma resposta articulada e coerente \u00e0s diferentes necessidades e fases do crescimento.<\/p>\n\n\n\n<p>Esta presen\u00e7a educativa concretiza-se atrav\u00e9s dos estabelecimentos educativos da Gra\u00e7a, Ajuda, Alto da Ajuda, Parque das Na\u00e7\u00f5es e Beato, em Lisboa, e Laranjeiro, Lavradio e Baixa da Banheira, na Margem Sul. S\u00e3o oito espa\u00e7os inseridos em diferentes comunidades, mas unidos por um mesmo projeto, pelos mesmos valores e por uma mesma conce\u00e7\u00e3o de educa\u00e7\u00e3o.<\/p>\n\n\n\n<p>Este ano letivo fica ainda marcado por um novo refor\u00e7o da capacidade de resposta da Institui\u00e7\u00e3o, com a abertura de mais uma sala de creche na Baixa da Banheira.<\/p>\n\n\n\n<p>A procura das respostas educativas d\u2019A Voz do Oper\u00e1rio confirma a confian\u00e7a depositada. As vagas encontram-se praticamente todas ocupadas, verificando-se listas de espera em v\u00e1rias situa\u00e7\u00f5es. Esta procura constitui um reconhecimento da qualidade do trabalho desenvolvido, mas representa tamb\u00e9m a responsabilidade acrescida de continuar a melhorar.<\/p>\n\n\n\n<p>O projeto educativo d\u2019A Voz do Oper\u00e1rio, significa muito mais do que transmitir conhecimentos. Significa contribuir para o desenvolvimento integral de cada crian\u00e7a, valorizando as suas apet\u00eancias, a sua criatividade, a sua autonomia e a sua capacidade de pensar, questionar e participar. Significa reconhecer cada crian\u00e7a como uma pessoa com direitos, necessidades, interesses e potencialidades pr\u00f3prias.<\/p>\n\n\n\n<p>Procura proporcionar \u00e0s crian\u00e7as um ambiente seguro, estimulante e afetivo, onde possam aprender e desenvolver-se com confian\u00e7a. A aprendizagem \u00e9 entendida como um processo ativo, em que a curiosidade, a descoberta, a experimenta\u00e7\u00e3o e a participa\u00e7\u00e3o assumem um papel fundamental.<\/p>\n\n\n\n<p>\u00c9 igualmente valorizada a dimens\u00e3o coletiva. Aprender a viver com os outros, respeitar diferentes opini\u00f5es, cooperar, partilhar, assumir responsabilidades e resolver conflitos atrav\u00e9s do di\u00e1logo s\u00e3o aprendizagens t\u00e3o importantes como os conte\u00fados escolares. A escola deve preparar para a vida e para a participa\u00e7\u00e3o numa sociedade democr\u00e1tica, solid\u00e1ria e inclusiva.<\/p>\n\n\n\n<p>Neste sentido, A Voz do Oper\u00e1rio procura desenvolver uma educa\u00e7\u00e3o que combata as desigualdades e assegure igualdade de oportunidades, garantindo que cada crian\u00e7a encontra condi\u00e7\u00f5es para desenvolver plenamente as suas capacidades.<\/p>\n\n\n\n<p>Tamb\u00e9m a dimens\u00e3o cultural ocupa um lugar relevante no projeto educativo. O contacto com a m\u00fasica, as artes, a literatura, o patrim\u00f3nio, o desporto e outras formas de express\u00e3o permite alargar horizontes, estimular a criatividade e desenvolver o gosto pelo conhecimento.<\/p>\n\n\n\n<p>A Voz do Oper\u00e1rio valoriza igualmente a liga\u00e7\u00e3o \u00e0 comunidade. Os estabelecimentos educativos s\u00e3o parte integrante dos bairros e das popula\u00e7\u00f5es onde est\u00e3o inseridos. A rela\u00e7\u00e3o com o meio envolvente, com as institui\u00e7\u00f5es locais, com as associa\u00e7\u00f5es e com as fam\u00edlias refor\u00e7a a dimens\u00e3o social e comunit\u00e1ria do projeto educativo.<\/p>\n\n\n\n<p>O in\u00edcio de cada ano letivo \u00e9, por isso, muito mais do que o regresso \u00e0s salas de aula. \u00c9 o momento de renovar compromissos e de reafirmar a import\u00e2ncia de uma educa\u00e7\u00e3o solid\u00e1ria, inclusiva e de qualidade.<\/p>\n\n\n\n<p>N\u2019A Voz do Oper\u00e1rio, esse compromisso traduz-se diariamente no trabalho de educadores, professores, auxiliares, t\u00e9cnicos e restantes trabalhadores que acompanham as crian\u00e7as e jovens. \u00c9 atrav\u00e9s do seu profissionalismo, dedica\u00e7\u00e3o e rela\u00e7\u00e3o pr\u00f3xima com cada crian\u00e7a que o projeto educativo ganha vida e se concretiza.<\/p>\n\n\n\n<p>Porque investir nas crian\u00e7as \u00e9 investir no futuro, garantir-lhes uma educa\u00e7\u00e3o de qualidade, baseada no conhecimento, na cultura, na solidariedade, na participa\u00e7\u00e3o e no respeito pela dignidade de cada um, \u00e9 contribuir para a constru\u00e7\u00e3o de uma sociedade melhor.<\/p>\n","protected":false},"excerpt":{"rendered":"<p>Inicia-se este m\u00eas mais um ano letivo, trazendo consigo novos desafios, novas aprendizagens e a renova\u00e7\u00e3o de um compromisso que, h\u00e1 mais de 140 anos, faz parte da identidade d\u2019A Voz do Oper\u00e1rio: contribuir para a forma\u00e7\u00e3o integral das crian\u00e7as e jovens, proporcionando-lhes condi\u00e7\u00f5es para crescer, aprender e desenvolver-se num ambiente de afeto, participa\u00e7\u00e3o, partilha e respeito pelos outros.<\/p>\n","protected":false},"author":10,"featured_media":10234,"comment_status":"closed","ping_status":"closed","sticky":false,"template":"","format":"standard","meta":[],"categories":[52],"tags":[],"coauthors":[84],"acf":[],"_links":{"self":[{"href":"https:\/\/vozoperario.pt\/jornal\/wp-json\/wp\/v2\/posts\/10296"}],"collection":[{"href":"https:\/\/vozoperario.pt\/jornal\/wp-json\/wp\/v2\/posts"}],"about":[{"href":"https:\/\/vozoperario.pt\/jornal\/wp-json\/wp\/v2\/types\/post"}],"author":[{"embeddable":true,"href":"https:\/\/vozoperario.pt\/jornal\/wp-json\/wp\/v2\/users\/10"}],"replies":[{"embeddable":true,"href":"https:\/\/vozoperario.pt\/jornal\/wp-json\/wp\/v2\/comments?post=10296"}],"version-history":[{"count":2,"href":"https:\/\/vozoperario.pt\/jornal\/wp-json\/wp\/v2\/posts\/10296\/revisions"}],"predecessor-version":[{"id":10298,"href":"https:\/\/vozoperario.pt\/jornal\/wp-json\/wp\/v2\/posts\/10296\/revisions\/10298"}],"wp:featuredmedia":[{"embeddable":true,"href":"https:\/\/vozoperario.pt\/jornal\/wp-json\/wp\/v2\/media\/10234"}],"wp:attachment":[{"href":"https:\/\/vozoperario.pt\/jornal\/wp-json\/wp\/v2\/media?parent=10296"}],"wp:term":[{"taxonomy":"category","embeddable":true,"href":"https:\/\/vozoperario.pt\/jornal\/wp-json\/wp\/v2\/categories?post=10296"},{"taxonomy":"post_tag","embeddable":true,"href":"https:\/\/vozoperario.pt\/jornal\/wp-json\/wp\/v2\/tags?post=10296"},{"taxonomy":"author","embeddable":true,"href":"https:\/\/vozoperario.pt\/jornal\/wp-json\/wp\/v2\/coauthors?post=10296"}],"curies":[{"name":"wp","href":"https:\/\/api.w.org\/{rel}","templated":true}]}}